{"id":314,"date":"2020-04-02T09:09:06","date_gmt":"2020-04-02T09:09:06","guid":{"rendered":"http:\/\/elektronik.nazwa.pl\/wp_new\/?p=314"},"modified":"2021-04-03T11:56:54","modified_gmt":"2021-04-03T11:56:54","slug":"uwierz-w-siebie-zyj-aktywnie-2","status":"publish","type":"post","link":"https:\/\/zlotyops.pl\/?p=314","title":{"rendered":"Uwierz w siebie &#8211; \u017cyj aktywnie"},"content":{"rendered":"\n<figure class=\"wp-block-image\"><img loading=\"lazy\" decoding=\"async\" width=\"627\" height=\"883\" src=\"http:\/\/elektronik.nazwa.pl\/wp_new\/wp-content\/uploads\/2020\/05\/obraz.png\" alt=\"\" class=\"wp-image-315\" srcset=\"https:\/\/zlotyops.pl\/wp-content\/uploads\/2020\/05\/obraz.png 627w, https:\/\/zlotyops.pl\/wp-content\/uploads\/2020\/05\/obraz-213x300.png 213w\" sizes=\"auto, (max-width: 627px) 100vw, 627px\" \/><\/figure>\n\n\n\n<figure class=\"wp-block-image\"><img loading=\"lazy\" decoding=\"async\" width=\"625\" height=\"85\" src=\"http:\/\/elektronik.nazwa.pl\/wp_new\/wp-content\/uploads\/2020\/05\/logo1-2.png\" alt=\"\" class=\"wp-image-318\" srcset=\"https:\/\/zlotyops.pl\/wp-content\/uploads\/2020\/05\/logo1-2.png 625w, https:\/\/zlotyops.pl\/wp-content\/uploads\/2020\/05\/logo1-2-300x41.png 300w\" sizes=\"auto, (max-width: 625px) 100vw, 625px\" \/><\/figure>\n\n\n\n<p style=\"text-align:left\">O\u015brodek Pomocy Spo\u0142ecznej w Z\u0142otym\nStoku zaprasza do udzia\u0142u w projekcie <strong>Uwierz&nbsp;w&nbsp;siebie&nbsp;&#8211;&nbsp;\u017cyj&nbsp;aktywnie\nw ramach IX Osi Priorytetowej W\u0142\u0105czenie&nbsp;spo\u0142eczne, Dzia\u0142anie 9.1 Aktywna\nIntegracja, Poddzia\u0142anie 9.1.1 Aktywna integracja \u2013 konkursy horyzontalne, <\/strong>Regionalny\nProgram Operacyjny Wojew\u00f3dztwa Dolno\u015bl\u0105skiego 2014-2020<strong>. <\/strong>UDZIA\u0141 W PROJEKCIE\nJEST&nbsp;BEZP\u0141ATNY! <\/p>\n\n\n\n<p style=\"text-align:left\"><strong>Celem\ng\u0142\u00f3wnym projektu jest aktywizacja spo\u0142eczno\u2013zawodowa 60 os\u00f3b zagro\u017conych\nub\u00f3stwem lub wykluczeniem spo\u0142ecznym na terenie Gminy Z\u0142oty Stok w okresie 36\nmiesi\u0119cy realizacji projektu w tym co najmniej 10% os\u00f3b niepe\u0142nosprawnych.&nbsp;&nbsp; <\/strong><strong><\/strong><\/p>\n\n\n\n<p style=\"text-align:left\">W ramach projektu realizowane b\u0119d\u0105 r\u00f3\u017cne formy\naktywizacji spo\u0142eczno-zawodowej wynikaj\u0105ce z indywidualnej diagnozy potrzeb\noraz opracowanej indywidualnej \u015bcie\u017cki udzia\u0142u w projekcie \u2013 \u015bcie\u017cki\nreintegracji, w tym wsparcie o charakterze spo\u0142ecznym, zawodowym, oraz\nzdrowotnym takie jak: <\/p>\n\n\n\n<ul class=\"wp-block-list\"><li>Indywidualne\u00a0poradnictwo\u00a0psychologiczne\u00a0<\/li><li>Indywidualne\u00a0treningi\u00a0psychologiczne<\/li><li>Warsztaty\u00a0kompetencji\u00a0spo\u0142ecznych\u00a0w\u00a0formie\u00a0wyjazdowej\u00a0 <\/li><li>Poradnictwo\u00a0rodzinne\u00a0<\/li><li>Warsztaty\u00a0kompetencji\u00a0spo\u0142ecznej\u00a0w\u00a0formie\u00a0stacjonarnej\u00a0<\/li><li>Warsztaty\u00a0kompetencji\u00a0cyfrowych\u00a0wraz\u00a0z\u00a0egzaminem\u00a0ECDL<\/li><li>Indywidualne\u00a0doradztwo\u00a0zawodowe<\/li><li>Indywidualne\u00a0po\u015brednictwo\u00a0pracy<\/li><li>Grupowe\u00a0zaj\u0119cia\u00a0z\u00a0zakresu\u00a0poszukiwania\u00a0pracy<\/li><li>Kursy i szkolenia umo\u017cliwiaj\u0105ce nabycie, podniesienie lub zmian\u0119 kwalifikacji.\u00a0<\/li><li>Sta\u017ce\u00a0zawodowe <\/li><\/ul>\n\n\n\n<p style=\"text-align:left\">O\u015brodek Pomocy Spo\u0142ecznej w Z\u0142otym Stoku zapewnia opiek\u0119 nad dzie\u0107mi oraz\nzwrot koszt\u00f3w dojazdu na zaj\u0119cia w ramach projektu.&nbsp;\n<\/p>\n\n\n\n<p>Wsparcie&nbsp;b\u0119dzie&nbsp;adresowane&nbsp;do:\n<\/p>\n\n\n\n<p>os\u00f3b zamieszka\u0142ych&nbsp;na&nbsp;ternie&nbsp;gminy,&nbsp;kt\u00f3re&nbsp;korzystaj\u0105&nbsp;z&nbsp;pomocy&nbsp;O\u015brodka\nPomocy Spo\u0142ecznej&nbsp;zagro\u017cone&nbsp;ub\u00f3stwem&nbsp;lub&nbsp;wykluczeniem&nbsp;spo\u0142ecznym,&nbsp;w&nbsp;tym&nbsp;osoby&nbsp;bezrobotne\nsprofilowane jako najbardziej oddalone od rynku pracy oraz osoby nieaktywne\nwymagaj\u0105ce aktywizacji w wieku aktywno\u015bci 15-74 lat podlegaj\u0105ce wykluczeniu\nspo\u0142ecznemu. Dodatkowo&nbsp;udzia\u0142&nbsp;w&nbsp;projekcie&nbsp;wezm\u0105&nbsp;udzia\u0142&nbsp;r\u00f3wnie\u017c&nbsp;osoby&nbsp;z&nbsp;otoczenia&nbsp;uczestnik\u00f3w.\n<\/p>\n","protected":false},"excerpt":{"rendered":"<p>O\u015brodek Pomocy Spo\u0142ecznej w Z\u0142otym Stoku zaprasza do udzia\u0142u w projekcie Uwierz&nbsp;w&nbsp;siebie&nbsp;&#8211;&nbsp;\u017cyj&nbsp;aktywnie w ramach IX Osi Priorytetowej W\u0142\u0105czenie&nbsp;spo\u0142eczne, Dzia\u0142anie 9.1 Aktywna Integracja, Poddzia\u0142anie 9.1.1 Aktywna integracja \u2013 konkursy horyzontalne, Regionalny Program Operacyjny Wojew\u00f3dztwa Dolno\u015bl\u0105skiego 2014-2020. UDZIA\u0141 W PROJEKCIE JEST&nbsp;BEZP\u0141ATNY! Celem g\u0142\u00f3wnym projektu jest aktywizacja spo\u0142eczno\u2013zawodowa 60 os\u00f3b zagro\u017conych ub\u00f3stwem lub wykluczeniem spo\u0142ecznym na terenie Gminy [&hellip;]<\/p>\n","protected":false},"author":2,"featured_media":0,"comment_status":"closed","ping_status":"closed","sticky":false,"template":"","format":"standard","meta":{"footnotes":""},"categories":[1],"tags":[],"class_list":["post-314","post","type-post","status-publish","format-standard","hentry","category-uncategorized"],"_links":{"self":[{"href":"https:\/\/zlotyops.pl\/index.php?rest_route=\/wp\/v2\/posts\/314","targetHints":{"allow":["GET"]}}],"collection":[{"href":"https:\/\/zlotyops.pl\/index.php?rest_route=\/wp\/v2\/posts"}],"about":[{"href":"https:\/\/zlotyops.pl\/index.php?rest_route=\/wp\/v2\/types\/post"}],"author":[{"embeddable":true,"href":"https:\/\/zlotyops.pl\/index.php?rest_route=\/wp\/v2\/users\/2"}],"replies":[{"embeddable":true,"href":"https:\/\/zlotyops.pl\/index.php?rest_route=%2Fwp%2Fv2%2Fcomments&post=314"}],"version-history":[{"count":2,"href":"https:\/\/zlotyops.pl\/index.php?rest_route=\/wp\/v2\/posts\/314\/revisions"}],"predecessor-version":[{"id":320,"href":"https:\/\/zlotyops.pl\/index.php?rest_route=\/wp\/v2\/posts\/314\/revisions\/320"}],"wp:attachment":[{"href":"https:\/\/zlotyops.pl\/index.php?rest_route=%2Fwp%2Fv2%2Fmedia&parent=314"}],"wp:term":[{"taxonomy":"category","embeddable":true,"href":"https:\/\/zlotyops.pl\/index.php?rest_route=%2Fwp%2Fv2%2Fcategories&post=314"},{"taxonomy":"post_tag","embeddable":true,"href":"https:\/\/zlotyops.pl\/index.php?rest_route=%2Fwp%2Fv2%2Ftags&post=314"}],"curies":[{"name":"wp","href":"https:\/\/api.w.org\/{rel}","templated":true}]}}